{"id":2578,"date":"2015-06-01T20:09:58","date_gmt":"2015-06-01T20:09:58","guid":{"rendered":"http:\/\/terrapereira.com.br\/?p=2578"},"modified":"2024-12-25T15:01:38","modified_gmt":"2024-12-25T15:01:38","slug":"vacinacao-uma-atitude","status":"publish","type":"post","link":"https:\/\/terrapereira.com.br\/index.php\/vacinacao-uma-atitude\/","title":{"rendered":"Vacina\u00e7\u00e3o, uma atitude!"},"content":{"rendered":"<p>O servi\u00e7o de Vacina\u00e7\u00e3o \u00e9 um dos mais importantes dentro das Unidades B\u00e1sicas de Sa\u00fade, por ser uma das medidas preventivas mais eficazes a doen\u00e7as, al\u00e9m de possuir uma variedade espec\u00edfica para grupos ( rec\u00e9m-nascidos, crian\u00e7as, jovens, adultos e idosos).<\/p>\n<p>Para oferecer um servi\u00e7o de vacina\u00e7\u00e3o de qualidade, \u00e1s Unidades de Sa\u00fade devem ter uma equipe qualificada, composta por M\u00e9dicos, Enfermeiros e Biom\u00e9dicos, al\u00e9m de utilizar modernas c\u00e2maras frias para armazenamento das vacinas, garantindo a estabilidade da temperatura. Outro benef\u00edcio \u00e9 o arquivamento do seu hist\u00f3rico vacinal em prontu\u00e1rio eletr\u00f4nico, mais seguro.<br \/>\nOs calend\u00e1rios Vacinais da Sociedade Brasileira de Imuniza\u00e7\u00f5es \u2013 SBIm\u00a0 resultam de recomenda\u00e7\u00f5es que buscam a prote\u00e7\u00e3o individual e a preven\u00e7\u00e3o de doen\u00e7as infecciosas na popula\u00e7\u00e3o. Os menus de vacinas s\u00e3o apresentados, ainda, de acordo com as caracter\u00edsticas especiais de cada faixa et\u00e1ria ou grupo.<\/p>\n<p><a href=\"http:\/\/terrapereira.com.br\/wp-content\/uploads\/2015\/06\/1.jpg\"><img fetchpriority=\"high\" decoding=\"async\" class=\"aligncenter size-full wp-image-2582\" alt=\"1\" src=\"http:\/\/terrapereira.com.br\/wp-content\/uploads\/2015\/06\/1.jpg\" width=\"1702\" height=\"1000\" srcset=\"https:\/\/terrapereira.com.br\/wp-content\/uploads\/2015\/06\/1.jpg 1702w, https:\/\/terrapereira.com.br\/wp-content\/uploads\/2015\/06\/1-300x176.jpg 300w, https:\/\/terrapereira.com.br\/wp-content\/uploads\/2015\/06\/1-1024x601.jpg 1024w\" sizes=\"(max-width: 1702px) 100vw, 1702px\" \/><\/a><\/p>\n<p>Assim sendo:<\/p>\n<table width=\"474\" border=\"1\" cellspacing=\"0\" cellpadding=\"0\">\n<tbody>\n<tr>\n<td valign=\"top\" width=\"234\"><strong><span style=\"color: #000080;\">\u00a0IDADE\u00a0\u00a0\u00a0\u00a0\u00a0\u00a0\u00a0\u00a0\u00a0\u00a0\u00a0\u00a0\u00a0\u00a0\u00a0\u00a0<\/span><\/strong><\/td>\n<td valign=\"top\" width=\"240\"><strong><span style=\"color: #000080;\">\u00a0VACINAS<\/span><\/strong><\/td>\n<\/tr>\n<tr>\n<td valign=\"top\" width=\"234\"><strong><span style=\"color: #000080;\">\u00a0Ao nascer\u00a0<\/span><\/strong><\/td>\n<td valign=\"top\" width=\"240\"><strong><span style=\"color: #000080;\">\u00a0BCG + Hepatite B. <\/span><\/strong><\/p>\n<p><strong><span style=\"color: #000080;\">\u00a0<\/span><\/strong><\/td>\n<\/tr>\n<tr>\n<td valign=\"top\" width=\"234\"><strong><span style=\"color: #000080;\">\u00a02 meses \u00a0 \u00a0\u00a0<\/span><\/strong><\/td>\n<td valign=\"top\" width=\"240\"><strong><span style=\"color: #000080;\">\u00a0Hepatite B + DTPa + Hem\u00f3filos B + Poliomielite inativada\u00a0(HEXA) + Pneumo13 Conjugada + Rotav\u00edrus.<\/span><\/strong><\/p>\n<p>&nbsp;<\/td>\n<\/tr>\n<tr>\n<td valign=\"top\" width=\"234\"><strong><span style=\"color: #000080;\">\u00a03 meses<\/span><\/strong><\/td>\n<td valign=\"top\" width=\"240\"><strong><span style=\"color: #000080;\">\u00a0Meningoc\u00f3cica C conjugada.<\/span><\/strong><\/p>\n<p>&nbsp;<\/td>\n<\/tr>\n<tr>\n<td valign=\"top\" width=\"234\"><strong><span style=\"color: #000080;\">\u00a04 meses \u00a0 \u00a0\u00a0<\/span><\/strong><\/td>\n<td valign=\"top\" width=\"240\"><strong><span style=\"color: #000080;\">\u00a0DTPa + Hem\u00f3filosB + Poliomielite inativada (PENTA)+Pneumo13 Conjugada + Rotav\u00edrus.<\/span><\/strong><\/p>\n<p>&nbsp;<\/td>\n<\/tr>\n<tr>\n<td valign=\"top\" width=\"234\"><strong><span style=\"color: #000080;\">\u00a05 meses\u00a0<\/span><\/strong><\/td>\n<td valign=\"top\" width=\"240\"><strong><span style=\"color: #000080;\">\u00a0Meningoc\u00f3cica C conjugada.<\/span><\/strong><\/p>\n<p>&nbsp;<\/td>\n<\/tr>\n<tr>\n<td valign=\"top\" width=\"234\"><strong><span style=\"color: #000080;\">\u00a06 meses \u00a0 \u00a0\u00a0<\/span><\/strong><\/td>\n<td valign=\"top\" width=\"240\"><strong><span style=\"color: #000080;\">\u00a0HepatiteB + DTPa + Hem\u00f3filosB + Poliomielite inativada (HEXA)1 \u00a0+ Pneumo13 Conjugada + Rotavirus2 + Gripe.<\/span><\/strong><\/p>\n<p>&nbsp;<\/td>\n<\/tr>\n<tr>\n<td valign=\"top\" width=\"234\"><strong><span style=\"color: #000080;\">\u00a07 meses \u00a0 \u00a0\u00a0<\/span><\/strong><\/td>\n<td valign=\"top\" width=\"240\"><strong><span style=\"color: #000080;\">\u00a0Gripe.<\/span><\/strong><\/p>\n<p>&nbsp;<\/td>\n<\/tr>\n<tr>\n<td valign=\"top\" width=\"234\"><strong><span style=\"color: #000080;\">\u00a09 meses \u00a0 \u00a0<\/span><\/strong><\/td>\n<td valign=\"top\" width=\"240\"><strong><span style=\"color: #000080;\">\u00a0Febre Amarela.<\/span><\/strong><\/p>\n<p>&nbsp;<\/td>\n<\/tr>\n<tr>\n<td valign=\"top\" width=\"234\"><strong><span style=\"color: #000080;\">\u00a012 meses \u00a0\u00a0<\/span><\/strong><\/td>\n<td valign=\"top\" width=\"240\"><strong><span style=\"color: #000080;\">Hepatite A + Tr\u00edplice Viral + Varicela.<\/span><\/strong><\/p>\n<p>&nbsp;<\/td>\n<\/tr>\n<tr>\n<td valign=\"top\" width=\"234\"><strong><span style=\"color: #000080;\">\u00a015 meses \u00a0 \u00a0 \u00a0 \u00a0 \u00a0 \u00a0 \u00a0 \u00a0 \u00a0 \u00a0 \u00a0 \u00a0 \u00a0 \u00a0 \u00a0 \u00a0 \u00a0 \u00a0 \u00a0 \u00a0 \u00a0 \u00a0 \u00a0 \u00a0 \u00a0 \u00a0 \u00a0 \u00a0 \u00a0 \u00a0 \u00a0 \u00a0 \u00a0<\/span><\/strong><\/td>\n<td valign=\"top\" width=\"240\"><strong><span style=\"color: #000080;\">\u00a0DTPa + Hem\u00f3filos B + Polimielite inativada(PENTA) + Pneumo13 Conjugada.<\/span><\/strong><\/p>\n<p>&nbsp;<\/td>\n<\/tr>\n<tr>\n<td valign=\"top\" width=\"234\"><strong><span style=\"color: #000080;\">\u00a02 a 4 anos \u00a0 \u00a0 \u00a0 \u00a0\u00a0<\/span><\/strong><\/td>\n<td valign=\"top\" width=\"240\"><strong><span style=\"color: #000080;\">\u00a0Tr\u00edplice Viral + Varicela 3.<\/span><\/strong><\/p>\n<p>&nbsp;<\/td>\n<\/tr>\n<tr>\n<td valign=\"top\" width=\"234\"><strong><span style=\"color: #000080;\">\u00a04 a 6 anos\u00a0<\/span><\/strong><\/td>\n<td valign=\"top\" width=\"240\"><strong><span style=\"color: #000080;\">\u00a0DTPa ou dTpa + Polimielite 4 + Meningoc\u00f3cica C conjugada.<\/span><\/strong><\/p>\n<p>&nbsp;<\/td>\n<\/tr>\n<tr>\n<td valign=\"top\" width=\"234\"><strong><span style=\"color: #000080;\">\u00a010 anos<\/span><\/strong><\/td>\n<td valign=\"top\" width=\"240\"><strong><span style=\"color: #000080;\">\u00a0Febre Amarela + HPV (3 doses).<\/span><\/strong><\/p>\n<p>&nbsp;<\/td>\n<\/tr>\n<tr>\n<td valign=\"top\" width=\"234\"><strong><span style=\"color: #000080;\">\u00a011 anos \u00a0\u00a0<\/span><\/strong><\/td>\n<td valign=\"top\" width=\"240\"><strong><span style=\"color: #000080;\">\u00a0Meningoc\u00f3cica Conjugada Quadrivalente A,C,W135 e Y.\u00a0\u00a0\u00a0\u00a0 <\/span><\/strong><\/p>\n<p><strong><\/strong><\/td>\n<\/tr>\n<tr>\n<td valign=\"top\" width=\"234\"><strong><span style=\"color: #000080;\">\u00a015 anos \u00a0 \u00a0 <\/span><\/strong><\/td>\n<td valign=\"top\" width=\"240\"><strong><span style=\"color: #000080;\">\u00a0dTpa-R (Tr\u00edplice Bacteriana Acelular Adulto).<\/span><\/strong><\/p>\n<p>&nbsp;<\/td>\n<\/tr>\n<\/tbody>\n<\/table>\n<p>&nbsp;<\/p>\n<p>OBSERVA\u00c7\u00d5ES:<\/p>\n<p>1)\u00a0\u00a0\u00a0\u00a0 Crian\u00e7as menores de 5 anos de idade devem receber a vacina oral contra a Poliomielite nos Dias Nacionais de Vacina\u00e7\u00e3o ap\u00f3s terem recebidos duas doses da vacina inativada.<\/p>\n<p>2)\u00a0\u00a0\u00a0\u00a0 A vacina Rotav\u00edrus pentavalente MSD possui o esquema de aplica\u00e7\u00e3o de 3 doses.<\/p>\n<p>Pode ser aplicada na forma combinada Vacina Qu\u00e1drupla Vira. Em crian\u00e7as vacinadas pela primeira vez ap\u00f3s 2 anos de idade devem ser aplicadas duas doses com intervalo de 3 meses.<\/p>\n","protected":false},"excerpt":{"rendered":"<p>O servi\u00e7o de Vacina\u00e7\u00e3o \u00e9 um dos mais importantes dentro das Unidades B\u00e1sicas de Sa\u00fade, por ser uma das medidas preventivas mais eficazes a doen\u00e7as, al\u00e9m de possuir uma variedade espec\u00edfica para grupos ( rec\u00e9m-nascidos, crian\u00e7as, jovens, adultos e idosos). Para oferecer um servi\u00e7o de vacina\u00e7\u00e3o de qualidade, \u00e1s Unidades de Sa\u00fade devem ter uma &hellip;<\/p>\n<p class=\"read-more\"> <a class=\"\" href=\"https:\/\/terrapereira.com.br\/index.php\/vacinacao-uma-atitude\/\"> <span class=\"screen-reader-text\">Vacina\u00e7\u00e3o, uma atitude!<\/span> Leia mais &raquo;<\/a><\/p>\n","protected":false},"author":1,"featured_media":2584,"comment_status":"closed","ping_status":"closed","sticky":false,"template":"","format":"standard","meta":{"site-sidebar-layout":"default","site-content-layout":"default","ast-global-header-display":"","ast-banner-title-visibility":"","ast-main-header-display":"","ast-hfb-above-header-display":"","ast-hfb-below-header-display":"","ast-hfb-mobile-header-display":"","site-post-title":"","ast-breadcrumbs-content":"","ast-featured-img":"","footer-sml-layout":"","theme-transparent-header-meta":"","adv-header-id-meta":"","stick-header-meta":"","header-above-stick-meta":"","header-main-stick-meta":"","header-below-stick-meta":"","footnotes":""},"categories":[1],"tags":[49,46,48,47,45,44],"class_list":["post-2578","post","type-post","status-publish","format-standard","has-post-thumbnail","hentry","category-institucional","tag-adultos","tag-criancas","tag-idosos","tag-jovens","tag-recem-nascidos","tag-vacinacao"],"_links":{"self":[{"href":"https:\/\/terrapereira.com.br\/index.php\/wp-json\/wp\/v2\/posts\/2578","targetHints":{"allow":["GET"]}}],"collection":[{"href":"https:\/\/terrapereira.com.br\/index.php\/wp-json\/wp\/v2\/posts"}],"about":[{"href":"https:\/\/terrapereira.com.br\/index.php\/wp-json\/wp\/v2\/types\/post"}],"author":[{"embeddable":true,"href":"https:\/\/terrapereira.com.br\/index.php\/wp-json\/wp\/v2\/users\/1"}],"replies":[{"embeddable":true,"href":"https:\/\/terrapereira.com.br\/index.php\/wp-json\/wp\/v2\/comments?post=2578"}],"version-history":[{"count":8,"href":"https:\/\/terrapereira.com.br\/index.php\/wp-json\/wp\/v2\/posts\/2578\/revisions"}],"predecessor-version":[{"id":2592,"href":"https:\/\/terrapereira.com.br\/index.php\/wp-json\/wp\/v2\/posts\/2578\/revisions\/2592"}],"wp:featuredmedia":[{"embeddable":true,"href":"https:\/\/terrapereira.com.br\/index.php\/wp-json\/wp\/v2\/media\/2584"}],"wp:attachment":[{"href":"https:\/\/terrapereira.com.br\/index.php\/wp-json\/wp\/v2\/media?parent=2578"}],"wp:term":[{"taxonomy":"category","embeddable":true,"href":"https:\/\/terrapereira.com.br\/index.php\/wp-json\/wp\/v2\/categories?post=2578"},{"taxonomy":"post_tag","embeddable":true,"href":"https:\/\/terrapereira.com.br\/index.php\/wp-json\/wp\/v2\/tags?post=2578"}],"curies":[{"name":"wp","href":"https:\/\/api.w.org\/{rel}","templated":true}]}}