{"id":2569,"date":"2015-02-26T23:13:05","date_gmt":"2015-02-26T23:13:05","guid":{"rendered":"http:\/\/terrapereira.com.br\/?p=2569"},"modified":"2024-12-25T15:01:39","modified_gmt":"2024-12-25T15:01:39","slug":"atencao-homens-preconceito-pode-matar","status":"publish","type":"post","link":"https:\/\/terrapereira.com.br\/index.php\/atencao-homens-preconceito-pode-matar\/","title":{"rendered":"Aten\u00e7\u00e3o homens, preconceito pode matar."},"content":{"rendered":"<p>Ainda nos dias de hoje, n\u00e3o \u00e9 incomum encontramos homens que aos 55 anos de idade, esclarecidos e em todas as classes sociais que nunca passaram por uma consulta com um Urologista ou at\u00e9 mesmo um Clinico, para ser encaminhado a realizar um PSA 9Ant\u00edgeno Prost\u00e1tico Espec\u00edfico).<\/p>\n<p>Este hoje simples exame, avaliado por profissional competente pode salvar sua vida, pois segundo o Inca o C\u00e2ncer de Pr\u00f3stata \u00e9 a segunda neoplasia mais comum entre os homens no Brasil.<\/p>\n<p>Em 2013 o n\u00famero de mortes por esta doen\u00e7a ultrapassou a barreira 29 mil nos Estado Unidos, no Brasil foram pouco mais da metade.<\/p>\n<p>S\u00e3o n\u00fameros alarmantes!<\/p>\n<p>O PSA, exame de sangue simples, de baixo custo, indolor \u00e9 considerado um marcador adequado e seus resultados permitem ao profissional competente, o M\u00e9dico a correlaciona-lo em suas possibilidades de hip\u00f3teses diagn\u00f3sticas, pois apresenta diferentes valores de acordo com o quadro, de prostatites, hiperplasia benigna da pr\u00f3stata (HPB) e no c\u00e2ncer de pr\u00f3stata (CaP).<\/p>\n<p>\u00c9 esperado uma varia\u00e7\u00e3o nos valores de PSA de acordo com a idade, mas isso deve ser sempre acompanhado atrav\u00e9s de exames e visitas rotineira ao seu M\u00e9dico ao Laborat\u00f3rio.<\/p>\n<p>Para voc\u00ea entender melhor; a pr\u00f3stata \u00e9 uma gl\u00e2ndula que pode ser afetada por diversas patologias (doen\u00e7as), envolvidas com a presen\u00e7a de um processo inflamat\u00f3rio que, na maioria das vezes, \u00e9 ocasionado por bact\u00e9rias, que s\u00e3o \u00e1s prostatites ou mesmo resultante de um crescimento tecidual benigno, na maioria dos casos relacionado ao avan\u00e7o da idade, que chamamos de hiperplasia benigna da pr\u00f3stata.<\/p>\n<p>O envelhecimento \u00e9 atualmente considerado como o fator de risco mais significativo. Outros fatores seriam \u00e0 etnia,\u00e0 predisposi\u00e7\u00e3o familiar e \u00e0 uma alimenta\u00e7\u00e3o inadequada.<\/p>\n<p>Muitos homens ainda se recusam a realizar o exame d\u00edgito-retal (toque), necess\u00e1rio ainda nos dias de hoje e que correlacionado com os valores de PSA, pode indicar a necessidade da realiza\u00e7\u00e3o de uma bi\u00f3psia prost\u00e1tica guiada por ultrassonografia trans-retal e assim fornecer atrav\u00e9s do resultado do Histopatol\u00f3gico um diagn\u00f3stico definitivo.<\/p>\n<p>Quanto mais precoce o diagn\u00f3stico maior as chances de cura.<\/p>\n<p>A retirada da pr\u00f3stata em nada diminui a virilidade como alguns acreditam.<\/p>\n<p>Os valores ideais de PSA n\u00e3o devem ser superiores a 4,00 \u00b5g\/mL.<\/p>\n<p>Para realizar este exame n\u00e3o \u00e9 necess\u00e1rio jejum, mais sempre <a href=\"http:\/\/terrapereira.com.br\/index.php\/exames\/\" target=\"_blank\">sugerimos alguns cuidados pr\u00e9vios<\/a>.<\/p>\n<p>Fa\u00e7a uma visita ao seu M\u00e9dico e depois venha at\u00e9 n\u00f3s, liberamos seu resultado em at\u00e9 72 horas, com toda comodidade.<\/p>\n","protected":false},"excerpt":{"rendered":"<p>Ainda nos dias de hoje, n\u00e3o \u00e9 incomum encontramos homens que aos 55 anos de idade, esclarecidos e em todas as classes sociais que nunca passaram por uma consulta com um Urologista ou at\u00e9 mesmo um Clinico, para ser encaminhado a realizar um PSA 9Ant\u00edgeno Prost\u00e1tico Espec\u00edfico). Este hoje simples exame, avaliado por profissional competente &hellip;<\/p>\n<p class=\"read-more\"> <a class=\"\" href=\"https:\/\/terrapereira.com.br\/index.php\/atencao-homens-preconceito-pode-matar\/\"> <span class=\"screen-reader-text\">Aten\u00e7\u00e3o homens, preconceito pode matar.<\/span> Leia mais &raquo;<\/a><\/p>\n","protected":false},"author":1,"featured_media":2571,"comment_status":"closed","ping_status":"closed","sticky":false,"template":"","format":"standard","meta":{"site-sidebar-layout":"default","site-content-layout":"default","ast-global-header-display":"","ast-banner-title-visibility":"","ast-main-header-display":"","ast-hfb-above-header-display":"","ast-hfb-below-header-display":"","ast-hfb-mobile-header-display":"","site-post-title":"","ast-breadcrumbs-content":"","ast-featured-img":"","footer-sml-layout":"","theme-transparent-header-meta":"","adv-header-id-meta":"","stick-header-meta":"","header-above-stick-meta":"","header-main-stick-meta":"","header-below-stick-meta":"","footnotes":""},"categories":[4],"tags":[40,43,42,41],"class_list":["post-2569","post","type-post","status-publish","format-standard","has-post-thumbnail","hentry","category-prevencao","tag-homens","tag-prostata","tag-psa","tag-urologista"],"_links":{"self":[{"href":"https:\/\/terrapereira.com.br\/index.php\/wp-json\/wp\/v2\/posts\/2569","targetHints":{"allow":["GET"]}}],"collection":[{"href":"https:\/\/terrapereira.com.br\/index.php\/wp-json\/wp\/v2\/posts"}],"about":[{"href":"https:\/\/terrapereira.com.br\/index.php\/wp-json\/wp\/v2\/types\/post"}],"author":[{"embeddable":true,"href":"https:\/\/terrapereira.com.br\/index.php\/wp-json\/wp\/v2\/users\/1"}],"replies":[{"embeddable":true,"href":"https:\/\/terrapereira.com.br\/index.php\/wp-json\/wp\/v2\/comments?post=2569"}],"version-history":[{"count":1,"href":"https:\/\/terrapereira.com.br\/index.php\/wp-json\/wp\/v2\/posts\/2569\/revisions"}],"predecessor-version":[{"id":2570,"href":"https:\/\/terrapereira.com.br\/index.php\/wp-json\/wp\/v2\/posts\/2569\/revisions\/2570"}],"wp:featuredmedia":[{"embeddable":true,"href":"https:\/\/terrapereira.com.br\/index.php\/wp-json\/wp\/v2\/media\/2571"}],"wp:attachment":[{"href":"https:\/\/terrapereira.com.br\/index.php\/wp-json\/wp\/v2\/media?parent=2569"}],"wp:term":[{"taxonomy":"category","embeddable":true,"href":"https:\/\/terrapereira.com.br\/index.php\/wp-json\/wp\/v2\/categories?post=2569"},{"taxonomy":"post_tag","embeddable":true,"href":"https:\/\/terrapereira.com.br\/index.php\/wp-json\/wp\/v2\/tags?post=2569"}],"curies":[{"name":"wp","href":"https:\/\/api.w.org\/{rel}","templated":true}]}}